{"id":8283,"__str__":"Indica\u00e7\u00e3o n\u00ba 543 de 2026","link_detail_backend":"/materia/8283","metadata":{"signs":{"texto_original":{"admin":[],"autores":[["Mattson Ranier Gomes de Araujo",["2026-02-11T10:13:41-03:00","ICP-Brasil"]]]}}},"numero":543,"ano":2026,"numero_protocolo":729,"data_apresentacao":"2026-02-11","tipo_apresentacao":"","data_publicacao":null,"numero_origem_externa":"","ano_origem_externa":null,"data_origem_externa":null,"apelido":"","dias_prazo":null,"data_fim_prazo":null,"em_tramitacao":false,"polemica":false,"objeto":"","complementar":false,"ementa":"Indica \u00e0 Senhora Secret\u00e1ria Municipal de Sa\u00fade, Alana de Moraes Garcia, a implementa\u00e7\u00e3o de capacita\u00e7\u00e3o cont\u00ednua e estruturada para os gerentes das Unidades B\u00e1sicas de Sa\u00fade.","indexacao":"","observacao":"","resultado":"","texto_original":"http://sapl.curraisnovos.rn.leg.br/media/sapl/public/materialegislativa/2026/8283/indicacao_no_090_-_criacao_de_capacitacao_continua_para_os_gerentes_de_unidades_basicas_de_saude_-_semsa.docx.pdf","data_ultima_atualizacao":"2026-03-11T08:51:13.711233-03:00","ip":"","ultima_edicao":null,"tipo":50,"regime_tramitacao":1,"tipo_origem_externa":null,"local_origem_externa":null,"user":null,"anexadas":[],"autores":[34]}