{"id":546,"__str__":"Indica\u00e7\u00e3o n\u00ba 381 de 2023","link_detail_backend":"/materia/546","metadata":{},"numero":381,"ano":2023,"numero_protocolo":535,"data_apresentacao":"2023-02-07","tipo_apresentacao":"","data_publicacao":null,"numero_origem_externa":"","ano_origem_externa":null,"data_origem_externa":null,"apelido":"","dias_prazo":null,"data_fim_prazo":null,"em_tramitacao":false,"polemica":false,"objeto":"","complementar":false,"ementa":"Sugere ao Presidente da Federa\u00e7\u00e3o do Com\u00e9rcio de Bens, Servi\u00e7os e Turismo - Fecom\u00e9rcio/RN, Marcelo Queiroz, a instala\u00e7\u00e3o de unidades do SESC e do SENAC no munic\u00edpio de Currais Novos.","indexacao":"","observacao":"","resultado":"","texto_original":"http://sapl.curraisnovos.rn.leg.br/media/sapl/public/materialegislativa/2023/546/14_-_instalacao_de_sesc_e_senac.docx_1.pdf","data_ultima_atualizacao":"2023-02-15T10:44:20.251820-03:00","ip":"","ultima_edicao":null,"tipo":50,"regime_tramitacao":1,"tipo_origem_externa":null,"local_origem_externa":null,"user":null,"anexadas":[],"autores":[29]}