{"id":4926,"__str__":"Indica\u00e7\u00e3o n\u00ba 72 de 2025","link_detail_backend":"/materia/4926","metadata":{"signs":{"texto_original":{"admin":[],"autores":[["Reginaldo Francisco:70362050406",["2025-01-15T11:59:03-03:00","ICP-Brasil"]]]}}},"numero":72,"ano":2025,"numero_protocolo":150,"data_apresentacao":"2025-01-15","tipo_apresentacao":"","data_publicacao":null,"numero_origem_externa":"","ano_origem_externa":null,"data_origem_externa":null,"apelido":"","dias_prazo":null,"data_fim_prazo":null,"em_tramitacao":false,"polemica":false,"objeto":"","complementar":false,"ementa":"Sugere ao Exmo. Sr. Prefeito Lucas Galv\u00e3o da Cruz e ao Sr. Clayper de Matos Salustiano, Secret\u00e1rio Municipal de Meio Ambiente Agricultura e Abastecimento, colocar correntes de seguran\u00e7a no terceiro canteiro da feira coberta do munic\u00edpio de Currais Novos/RN.","indexacao":"","observacao":"","resultado":"","texto_original":"http://sapl.curraisnovos.rn.leg.br/media/sapl/public/materialegislativa/2025/4926/indicacao_013_feira_livre-assinado.pdf","data_ultima_atualizacao":"2025-02-12T10:43:54.715073-03:00","ip":"","ultima_edicao":null,"tipo":50,"regime_tramitacao":1,"tipo_origem_externa":null,"local_origem_externa":null,"user":null,"anexadas":[],"autores":[54]}