{"id":1715,"__str__":"Indica\u00e7\u00e3o n\u00ba 1234 de 2023","link_detail_backend":"/materia/1715","metadata":{"signs":{"texto_original":{"admin":[],"autores":[["Joao Gustavo Coelho Gomes Guimaraes",["2023-07-31T09:27:46-03:00","ICP-Brasil"]]]}}},"numero":1234,"ano":2023,"numero_protocolo":2528,"data_apresentacao":"2023-08-01","tipo_apresentacao":"","data_publicacao":null,"numero_origem_externa":"","ano_origem_externa":null,"data_origem_externa":null,"apelido":"","dias_prazo":null,"data_fim_prazo":null,"em_tramitacao":false,"polemica":false,"objeto":"","complementar":false,"ementa":"Sugere ao Prefeito Municipal - Odon Oliveira de Sousa J\u00fanior - e ao Secret\u00e1rio Municipal de Meio Ambiente Agricultura e Abastecimento - Lucas Galv\u00e3o da Cruz - a reativa\u00e7\u00e3o e a revitaliza\u00e7\u00e3o da Feira do Gado do munic\u00edpio de Currais Novos.","indexacao":"","observacao":"","resultado":"","texto_original":"http://sapl.curraisnovos.rn.leg.br/media/sapl/public/materialegislativa/2023/1715/82_-_feira_do_gado.docx_1.pdf","data_ultima_atualizacao":"2023-08-10T10:05:17.721750-03:00","ip":"","ultima_edicao":null,"tipo":50,"regime_tramitacao":1,"tipo_origem_externa":null,"local_origem_externa":null,"user":null,"anexadas":[],"autores":[29]}