{"id":763,"__str__":"Parecer de Comiss\u00e3o - Projeto de Lei Ordin\u00e1ria n\u00ba 51 de 2023 de 06/10/2023 por ","link_detail_backend":"/materia/documentoacessorio/763","metadata":{"signs":{"arquivo":{"admin":[],"autores":[["Rayssa Aline Batista de Araujo",["2023-10-06T11:33:20-03:00","ICP-Brasil"]]]}}},"nome":"Projeto de Lei Ordin\u00e1ria n\u00ba 51 de 2023","data":"2023-10-06","autor":"","ementa":"Institui e Inclui no Calend\u00e1rio Oficial de Eventos do Munic\u00edpio de Currais Novos/RN o \u201cDia Municipal de Preven\u00e7\u00e3o ao Suic\u00eddio\u201d e a \u201cSemana Municipal de Conscientiza\u00e7\u00e3o e Preven\u00e7\u00e3o ao Suic\u00eddio\u201d, e d\u00e1 outras provid\u00eancias.","indexacao":"","arquivo":"http://sapl.curraisnovos.rn.leg.br/media/sapl/public/documentoacessorio/2023/763/projeto_de_lei_no_51.pdf","data_ultima_atualizacao":"2023-10-06T11:33:55.906945-03:00","materia":1939,"tipo":4}