{"id":4228,"__str__":"Raz\u00f5es do Voto - Raz\u00f5es do Voto de 26/02/2026 por Jo\u00e3o Paulo Wyclif dos Santos Ara\u00fajo","link_detail_backend":"/materia/documentoacessorio/4228","metadata":{"signs":{"arquivo":{"admin":[],"autores":[["Joao Paulo Wyclif dos Santos Araujo",["2026-02-26T10:48:27-03:00","ICP-Brasil - AC SyngularID Multipla"]]]}}},"nome":"Raz\u00f5es do Voto","data":"2026-02-26","autor":"Jo\u00e3o Paulo Wyclif dos Santos Ara\u00fajo","ementa":"","indexacao":"","arquivo":"http://sapl.curraisnovos.rn.leg.br/media/sapl/public/documentoacessorio/2026/4228/declaracao_de_voto_-_pl_legislativo_007-2026_1.pdf","data_ultima_atualizacao":"2026-02-26T10:53:15.343308-03:00","materia":8186,"tipo":12}