{"id":3397,"__str__":"Raz\u00f5es do Voto - Raz\u00f5es do Voto de 19/09/2025 por Jo\u00e3o Paulo Wyclif dos Santos Ara\u00fajo","link_detail_backend":"/materia/documentoacessorio/3397","metadata":{"signs":{"arquivo":{"admin":[],"autores":[["Joao Paulo Wyclif dos Santos Araujo",["2025-09-12T11:08:15-03:00","ICP-Brasil - AC SyngularID Multipla"]]]}}},"nome":"Raz\u00f5es do Voto","data":"2025-09-19","autor":"Jo\u00e3o Paulo Wyclif dos Santos Ara\u00fajo","ementa":"\u201cAutoriza o Poder Executivo Municipal a nomear de Francisco de Assis Gomes a via p\u00fablica atualmente posicionada no in\u00edcio na Rua Mizael Xavier, nas proximidades do bairro Dr. Jos\u00e9 Bezerra, no munic\u00edpio de Currais Novos/RN\u201d.","indexacao":"","arquivo":"http://sapl.curraisnovos.rn.leg.br/media/sapl/public/documentoacessorio/2025/3397/declaracao_de_voto_-_pl_legislativo_036-2025_assinada.pdf","data_ultima_atualizacao":"2025-09-19T09:35:50.282557-03:00","materia":6402,"tipo":12}