{"id":216,"__str__":"Raz\u00f5es do Voto - Projeto de Resolu\u00e7\u00e3o n\u00ba 001/2023 de 22/03/2023 por Ezequiel Pereira","link_detail_backend":"/materia/documentoacessorio/216","metadata":{},"nome":"Projeto de Resolu\u00e7\u00e3o n\u00ba 001/2023","data":"2023-03-22","autor":"Ezequiel Pereira","ementa":"Parecer do Relator da Comiss\u00e3o de Legisla\u00e7\u00e3o, Justi\u00e7a e Reda\u00e7\u00e3o Final ao Projeto de Resolu\u00e7\u00e3o n\u00ba 001/2023, de autoria do Vereador Francisco Iranilson de Medeiros.","indexacao":"","arquivo":"http://sapl.curraisnovos.rn.leg.br/media/sapl/public/documentoacessorio/2023/216/001.2023_-_declaracao_de_voto_assinado.pdf","data_ultima_atualizacao":"2023-03-22T10:30:00.345653-03:00","materia":869,"tipo":12}