{"id":1191,"__str__":"Raz\u00f5es do Voto - Raz\u00f5es do Voto de 07/12/2023 por Jorian Pereira dos Santos","link_detail_backend":"/materia/documentoacessorio/1191","metadata":{"signs":{"arquivo":{"admin":[],"autores":[["Jorian Pereira dos Santos",["2023-12-07T08:23:15-03:00","ICP-Brasil"]]]}}},"nome":"Raz\u00f5es do Voto","data":"2023-12-07","autor":"Jorian Pereira dos Santos","ementa":"Disp\u00f5e sobre a obrigatoriedade de inclus\u00e3o do s\u00edmbolo do autismo nas placas de atendimento preferencial para pessoas com Transtorno do Espectro Autista nos estabelecimentos privados do Munic\u00edpio de Currais Novos/RN.","indexacao":"","arquivo":"http://sapl.curraisnovos.rn.leg.br/media/sapl/public/documentoacessorio/2023/1191/declaracao_de_voto_-_pl36-2023.pdf","data_ultima_atualizacao":"2023-12-07T08:26:10.861333-03:00","materia":1802,"tipo":12}